{"id":9985,"date":"2007-06-15T16:42:00","date_gmt":"2007-06-15T16:42:00","guid":{"rendered":"http:\/\/localhost\/thomasvino\/?p=9985"},"modified":"2007-06-15T16:42:00","modified_gmt":"2007-06-15T16:42:00","slug":"gerle-dor-le-charmeur-plait-encore","status":"publish","type":"post","link":"https:\/\/thomasvino.ch\/?p=9985","title":{"rendered":"Gerle d&rsquo;or: Le Charmeur pla\u00eet encore!"},"content":{"rendered":"<p><font style=\"font-weight: bold;\" size=\"4\"><span style=\"font-style: italic;\">\u00abGerle d&#39;or\u00bb 2007 \u00e0 Neuch\u00e2tel<\/span><br \/>Un Charmeur r\u00e9cidiviste<\/font><\/p>\n<div style=\"text-align: justify;\">Jeudi 14 juin, pour la treizi\u00e8me fois, a eu lieu le concours de d\u00e9gustation populaire de La Gerle d&#39;Or, du nom du r\u00e9cipient en bois qui contient les raisins \u00e0 la vendange, et du label attribu\u00e9 par les vignerons aux meilleures cuv\u00e9es&#8230;. R\u00e9serv\u00e9 aux chasselas neuch\u00e2telois, il s&#39;est d\u00e9roul\u00e9 dans la salle des Chevaliers du Ch\u00e2teau de Colombier. Nonante d\u00e9gustateurs amateurs avaient \u00e0 juger 31 vins blancs. Le chasselas \u00abLe Charmeur\u00bb 2006 de la Cave des Lauriers \u00e0 Cressier, Neuch\u00e2tel Blanc AOC, l&#39;a emport\u00e9 \u00abbrillamment\u00bb selon un communiqu\u00e9 de presse. Le domaine de la famille Jungo et Fellmann, conduit par Ars\u00e8ne Jungo, son fils Jean-Marc, et son neveu, Christian Fellmann a d\u00e9j\u00e0 d\u00e9croch\u00e9 ce troph\u00e9e neuch\u00e2telois en 2005. Du m\u00eame coup, ce vin devient la vedette de la F\u00eate des vendanges de Neuch\u00e2tel, le dernier week-end de septembre. Le Pinot Noir 2005 de la m\u00eame cave a \u00e9t\u00e9 r\u00e9compens\u00e9 d&#39;une m\u00e9daille d&#39;or \u00e0 la s\u00e9lection neuch\u00e2teloise, \u00e0 fin mai. (<span style=\"font-style: italic;\">PT<\/span>)<\/div>\n","protected":false},"excerpt":{"rendered":"<p>\u00abGerle d&#39;or\u00bb 2007 \u00e0 Neuch\u00e2telUn Charmeur r\u00e9cidiviste Jeudi 14 juin, pour la treizi\u00e8me fois, a eu lieu le concours de d\u00e9gustation populaire de La Gerle d&#39;Or, du nom du r\u00e9cipient en bois qui contient les raisins \u00e0 la vendange, et du label attribu\u00e9 par les vignerons aux meilleures cuv\u00e9es&#8230;. R\u00e9serv\u00e9 aux chasselas neuch\u00e2telois, il s&#39;est [&hellip;]<\/p>\n","protected":false},"author":3,"featured_media":0,"comment_status":"closed","ping_status":"open","sticky":false,"template":"","format":"standard","meta":{"_monsterinsights_skip_tracking":false,"_monsterinsights_sitenote_active":false,"_monsterinsights_sitenote_note":"","_monsterinsights_sitenote_category":0,"jetpack_post_was_ever_published":false,"jetpack_publicize_message":"","jetpack_is_tweetstorm":false,"jetpack_publicize_feature_enabled":true,"jetpack_social_post_already_shared":false,"jetpack_social_options":{"image_generator_settings":{"template":"highway","enabled":false}}},"categories":[15],"tags":[],"jetpack_publicize_connections":[],"yoast_head":"<!-- This site is optimized with the Yoast SEO plugin v20.6 - https:\/\/yoast.com\/wordpress\/plugins\/seo\/ -->\n<title>Gerle d&#039;or: Le Charmeur pla\u00eet encore! - thomasvino<\/title>\n<meta name=\"robots\" content=\"index, follow, max-snippet:-1, max-image-preview:large, max-video-preview:-1\" \/>\n<link rel=\"canonical\" href=\"https:\/\/thomasvino.ch\/?p=9985\" \/>\n<meta property=\"og:locale\" content=\"fr_FR\" \/>\n<meta property=\"og:type\" content=\"article\" \/>\n<meta property=\"og:title\" content=\"Gerle d&#039;or: Le Charmeur pla\u00eet encore! - thomasvino\" \/>\n<meta property=\"og:description\" content=\"\u00abGerle d&#039;or\u00bb 2007 \u00e0 Neuch\u00e2telUn Charmeur r\u00e9cidiviste Jeudi 14 juin, pour la treizi\u00e8me fois, a eu lieu le concours de d\u00e9gustation populaire de La Gerle d&#039;Or, du nom du r\u00e9cipient en bois qui contient les raisins \u00e0 la vendange, et du label attribu\u00e9 par les vignerons aux meilleures cuv\u00e9es&#8230;. R\u00e9serv\u00e9 aux chasselas neuch\u00e2telois, il s&#039;est [&hellip;]\" \/>\n<meta property=\"og:url\" content=\"https:\/\/thomasvino.ch\/?p=9985\" \/>\n<meta property=\"og:site_name\" content=\"thomasvino\" \/>\n<meta property=\"article:published_time\" content=\"2007-06-15T16:42:00+00:00\" \/>\n<meta name=\"author\" content=\"Pierre Thomas\" \/>\n<meta name=\"twitter:label1\" content=\"\u00c9crit par\" \/>\n\t<meta name=\"twitter:data1\" content=\"Pierre Thomas\" \/>\n\t<meta name=\"twitter:label2\" content=\"Dur\u00e9e de lecture estim\u00e9e\" \/>\n\t<meta name=\"twitter:data2\" content=\"1 minute\" \/>\n<script type=\"application\/ld+json\" class=\"yoast-schema-graph\">{\"@context\":\"https:\/\/schema.org\",\"@graph\":[{\"@type\":\"WebPage\",\"@id\":\"https:\/\/thomasvino.ch\/?p=9985\",\"url\":\"https:\/\/thomasvino.ch\/?p=9985\",\"name\":\"Gerle d'or: Le Charmeur pla\u00eet encore! - thomasvino\",\"isPartOf\":{\"@id\":\"https:\/\/thomasvino.ch\/#website\"},\"datePublished\":\"2007-06-15T16:42:00+00:00\",\"dateModified\":\"2007-06-15T16:42:00+00:00\",\"author\":{\"@id\":\"https:\/\/thomasvino.ch\/#\/schema\/person\/670bf4486fe81152cf1d68bd585e062e\"},\"breadcrumb\":{\"@id\":\"https:\/\/thomasvino.ch\/?p=9985#breadcrumb\"},\"inLanguage\":\"fr-FR\",\"potentialAction\":[{\"@type\":\"ReadAction\",\"target\":[\"https:\/\/thomasvino.ch\/?p=9985\"]}]},{\"@type\":\"BreadcrumbList\",\"@id\":\"https:\/\/thomasvino.ch\/?p=9985#breadcrumb\",\"itemListElement\":[{\"@type\":\"ListItem\",\"position\":1,\"name\":\"Accueil\",\"item\":\"https:\/\/thomasvino.ch\/\"},{\"@type\":\"ListItem\",\"position\":2,\"name\":\"Gerle d&rsquo;or: Le Charmeur pla\u00eet encore!\"}]},{\"@type\":\"WebSite\",\"@id\":\"https:\/\/thomasvino.ch\/#website\",\"url\":\"https:\/\/thomasvino.ch\/\",\"name\":\"thomasvino\",\"description\":\"Vins &amp; Gastronomie\",\"potentialAction\":[{\"@type\":\"SearchAction\",\"target\":{\"@type\":\"EntryPoint\",\"urlTemplate\":\"https:\/\/thomasvino.ch\/?s={search_term_string}\"},\"query-input\":\"required name=search_term_string\"}],\"inLanguage\":\"fr-FR\"},{\"@type\":\"Person\",\"@id\":\"https:\/\/thomasvino.ch\/#\/schema\/person\/670bf4486fe81152cf1d68bd585e062e\",\"name\":\"Pierre Thomas\",\"image\":{\"@type\":\"ImageObject\",\"inLanguage\":\"fr-FR\",\"@id\":\"https:\/\/thomasvino.ch\/#\/schema\/person\/image\/\",\"url\":\"https:\/\/secure.gravatar.com\/avatar\/91fd5a76647f140e53db987a0dead4d7?s=96&d=mm&r=g\",\"contentUrl\":\"https:\/\/secure.gravatar.com\/avatar\/91fd5a76647f140e53db987a0dead4d7?s=96&d=mm&r=g\",\"caption\":\"Pierre Thomas\"},\"url\":\"https:\/\/thomasvino.ch\/?author=3\"}]}<\/script>\n<!-- \/ Yoast SEO plugin. -->","yoast_head_json":{"title":"Gerle d'or: Le Charmeur pla\u00eet encore! - thomasvino","robots":{"index":"index","follow":"follow","max-snippet":"max-snippet:-1","max-image-preview":"max-image-preview:large","max-video-preview":"max-video-preview:-1"},"canonical":"https:\/\/thomasvino.ch\/?p=9985","og_locale":"fr_FR","og_type":"article","og_title":"Gerle d'or: Le Charmeur pla\u00eet encore! - thomasvino","og_description":"\u00abGerle d&#39;or\u00bb 2007 \u00e0 Neuch\u00e2telUn Charmeur r\u00e9cidiviste Jeudi 14 juin, pour la treizi\u00e8me fois, a eu lieu le concours de d\u00e9gustation populaire de La Gerle d&#39;Or, du nom du r\u00e9cipient en bois qui contient les raisins \u00e0 la vendange, et du label attribu\u00e9 par les vignerons aux meilleures cuv\u00e9es&#8230;. R\u00e9serv\u00e9 aux chasselas neuch\u00e2telois, il s&#39;est [&hellip;]","og_url":"https:\/\/thomasvino.ch\/?p=9985","og_site_name":"thomasvino","article_published_time":"2007-06-15T16:42:00+00:00","author":"Pierre Thomas","twitter_misc":{"\u00c9crit par":"Pierre Thomas","Dur\u00e9e de lecture estim\u00e9e":"1 minute"},"schema":{"@context":"https:\/\/schema.org","@graph":[{"@type":"WebPage","@id":"https:\/\/thomasvino.ch\/?p=9985","url":"https:\/\/thomasvino.ch\/?p=9985","name":"Gerle d'or: Le Charmeur pla\u00eet encore! - thomasvino","isPartOf":{"@id":"https:\/\/thomasvino.ch\/#website"},"datePublished":"2007-06-15T16:42:00+00:00","dateModified":"2007-06-15T16:42:00+00:00","author":{"@id":"https:\/\/thomasvino.ch\/#\/schema\/person\/670bf4486fe81152cf1d68bd585e062e"},"breadcrumb":{"@id":"https:\/\/thomasvino.ch\/?p=9985#breadcrumb"},"inLanguage":"fr-FR","potentialAction":[{"@type":"ReadAction","target":["https:\/\/thomasvino.ch\/?p=9985"]}]},{"@type":"BreadcrumbList","@id":"https:\/\/thomasvino.ch\/?p=9985#breadcrumb","itemListElement":[{"@type":"ListItem","position":1,"name":"Accueil","item":"https:\/\/thomasvino.ch\/"},{"@type":"ListItem","position":2,"name":"Gerle d&rsquo;or: Le Charmeur pla\u00eet encore!"}]},{"@type":"WebSite","@id":"https:\/\/thomasvino.ch\/#website","url":"https:\/\/thomasvino.ch\/","name":"thomasvino","description":"Vins &amp; Gastronomie","potentialAction":[{"@type":"SearchAction","target":{"@type":"EntryPoint","urlTemplate":"https:\/\/thomasvino.ch\/?s={search_term_string}"},"query-input":"required name=search_term_string"}],"inLanguage":"fr-FR"},{"@type":"Person","@id":"https:\/\/thomasvino.ch\/#\/schema\/person\/670bf4486fe81152cf1d68bd585e062e","name":"Pierre Thomas","image":{"@type":"ImageObject","inLanguage":"fr-FR","@id":"https:\/\/thomasvino.ch\/#\/schema\/person\/image\/","url":"https:\/\/secure.gravatar.com\/avatar\/91fd5a76647f140e53db987a0dead4d7?s=96&d=mm&r=g","contentUrl":"https:\/\/secure.gravatar.com\/avatar\/91fd5a76647f140e53db987a0dead4d7?s=96&d=mm&r=g","caption":"Pierre Thomas"},"url":"https:\/\/thomasvino.ch\/?author=3"}]}},"jetpack_featured_media_url":"","jetpack_sharing_enabled":true,"jetpack_shortlink":"https:\/\/wp.me\/p3m4tZ-2B3","jetpack_likes_enabled":false,"jetpack-related-posts":[{"id":9645,"url":"https:\/\/thomasvino.ch\/?p=9645","url_meta":{"origin":9985,"position":0},"title":"Neuch\u00e2tel \u2014 Des lauriers pour la Cave des Lauriers","date":"7 juillet 2005","format":false,"excerpt":"Vins neuch\u00e2telois 2005 Lauriers pour la Cave des Lauriers Tout r\u00e9ussit cette ann\u00e9e \u00e0 un petit domaine de Cressier. Trois jours apr\u00e8s avoir obtenu le \u00abPrix de l\u2019excellence 2005\u00bb du Conseil d\u2019Etat neuch\u00e2telois, la Cave des Lauriers d\u00e9croche la \u00abGerle d\u2019or\u00bb du meilleur chasselas. A l\u2019instar des autres r\u00e9gions viticoles,\u2026","rel":"","context":"Dans &quot;Vins suisses&quot;","img":{"alt_text":"","src":"","width":0,"height":0},"classes":[]},{"id":10892,"url":"https:\/\/thomasvino.ch\/?p=10892","url_meta":{"origin":9985,"position":1},"title":"La Gerle d&rsquo;Or 2013 \u00e0 la Cave des Lauriers","date":"21 juin 2013","format":false,"excerpt":"Rien de tel que de se nommer Cave des Lauriers pour r\u00e9colter les honneurs... Pour la F\u00eate des vendanges de Neuch\u00e2tel 2013 (du 27 au 29 septembre 2013), le chasselas 2012, Neuch\u00e2tel blanc, du domaine Jungo-Fellmann, de Cressier, devrait couler \u00e0 flots. Le 20 juin, ce chasselas a \u00e9t\u00e9 couronn\u00e9\u2026","rel":"","context":"Dans &quot;Actus - News&quot;","img":{"alt_text":"","src":"https:\/\/i0.wp.com\/www.thomasvino.ch\/wp-content\/uploads\/2013\/06\/PhotoGerleOR2013-300x200.jpg?resize=350%2C200","width":350,"height":200},"classes":[]},{"id":9753,"url":"https:\/\/thomasvino.ch\/?p=9753","url_meta":{"origin":9985,"position":2},"title":"ns suisses \u2014 Cep d&rsquo;Or: le hit-parade neuch\u00e2telois 2006","date":"9 mai 2006","format":false,"excerpt":"Vins suisses \u2014 Concours du Cep d'Or \u00e0 La Chaux-de-Fonds Le hit-parade blanc et ros\u00e9 de Neuch\u00e2tel Lundi 8 mai, un jury de vignerons et d'invit\u00e9s de la Soci\u00e9t\u00e9 des cafetiers et h\u00f4teliers de La Chaux-de-Fonds a d\u00e9sign\u00e9, parmi une trentaine de pr\u00e9tendants dans chacune des cat\u00e9gories, ses champions, jug\u00e9s\u2026","rel":"","context":"Dans &quot;Actus - News&quot;","img":{"alt_text":"","src":"","width":0,"height":0},"classes":[]},{"id":9769,"url":"https:\/\/thomasvino.ch\/?p=9769","url_meta":{"origin":9985,"position":3},"title":"Vins suisses \u2014 Les meilleurs vins neuch\u00e2telois, s\u00e9lection 2006","date":"11 juin 2006","format":false,"excerpt":"Vins suisses \u2014 Vins de Neuch\u00e2tel Les champions 2006 sont connus Chaque r\u00e9gion viticole suisse a choisi de mettre en \u00e9vidence les r\u00e9sultats de ses d\u00e9gustations r\u00e9gionales, qui servent de s\u00e9lection pour le Concours national des vins suisses, dont la finale de la troisi\u00e8me \u00e9dition aura lieu \u00e0 Sierre \u00e0\u2026","rel":"","context":"Dans &quot;Actus - News&quot;","img":{"alt_text":"","src":"","width":0,"height":0},"classes":[]},{"id":12024,"url":"https:\/\/thomasvino.ch\/?p=12024","url_meta":{"origin":9985,"position":4},"title":"S\u00e9lection neuch\u00e2teloise: de l&rsquo;or quand m\u00eame!","date":"2 juin 2014","format":false,"excerpt":"On a beaucoup parl\u00e9 de l'orage de gr\u00eale qui a d\u00e9truit une grande partie du vignoble du pied du Jura, de Gen\u00e8ve \u00e0 Bienne, le 20 juin 2013. Mais les raisins en devenir qui en ont r\u00e9chapp\u00e9 ont donn\u00e9 de tr\u00e8s bons vins. Pour preuve, la 11\u00e8me s\u00e9lection cantonale neuch\u00e2teloise\u2026","rel":"","context":"Dans &quot;Actus - News&quot;","img":{"alt_text":"","src":"","width":0,"height":0},"classes":[]},{"id":15192,"url":"https:\/\/thomasvino.ch\/?p=15192","url_meta":{"origin":9985,"position":5},"title":"Mondial du Chasselas 2018  \u2014 Derri\u00e8re La C\u00f4te, le fendant remonte\u00a0!","date":"29 juin 2018","format":false,"excerpt":"Le 7\u00e8meconcours Mondial du Chasselas, \u00e0 Aigle, a livr\u00e9 son verdict. La Cave de la C\u00f4te l\u2019emporte comme en 2016, non pas avec un vin de Morges (Vieilles Vignes 2015), mais avec un Mont-sur-Rolle AOC La C\u00f4te 2017, La Montoise (94,3 points, 2\u00e8menote du concours). Le vin le mieux not\u00e9\u2026","rel":"","context":"Dans &quot;Actus - News&quot;","img":{"alt_text":"","src":"https:\/\/i0.wp.com\/thomasvino.ch\/wp-content\/uploads\/2018\/06\/site_triochass-250x300.jpg?resize=350%2C200&ssl=1","width":350,"height":200},"classes":[]}],"_links":{"self":[{"href":"https:\/\/thomasvino.ch\/index.php?rest_route=\/wp\/v2\/posts\/9985"}],"collection":[{"href":"https:\/\/thomasvino.ch\/index.php?rest_route=\/wp\/v2\/posts"}],"about":[{"href":"https:\/\/thomasvino.ch\/index.php?rest_route=\/wp\/v2\/types\/post"}],"author":[{"embeddable":true,"href":"https:\/\/thomasvino.ch\/index.php?rest_route=\/wp\/v2\/users\/3"}],"replies":[{"embeddable":true,"href":"https:\/\/thomasvino.ch\/index.php?rest_route=%2Fwp%2Fv2%2Fcomments&post=9985"}],"version-history":[{"count":0,"href":"https:\/\/thomasvino.ch\/index.php?rest_route=\/wp\/v2\/posts\/9985\/revisions"}],"wp:attachment":[{"href":"https:\/\/thomasvino.ch\/index.php?rest_route=%2Fwp%2Fv2%2Fmedia&parent=9985"}],"wp:term":[{"taxonomy":"category","embeddable":true,"href":"https:\/\/thomasvino.ch\/index.php?rest_route=%2Fwp%2Fv2%2Fcategories&post=9985"},{"taxonomy":"post_tag","embeddable":true,"href":"https:\/\/thomasvino.ch\/index.php?rest_route=%2Fwp%2Fv2%2Ftags&post=9985"}],"curies":[{"name":"wp","href":"https:\/\/api.w.org\/{rel}","templated":true}]}}